{"id":32268,"date":"2021-09-08T08:50:03","date_gmt":"2021-09-08T07:50:03","guid":{"rendered":"https:\/\/wames.org.uk\/cms-english\/?p=32268"},"modified":"2021-09-13T11:41:36","modified_gmt":"2021-09-13T10:41:36","slug":"research-the-sars-cov-2-receptor-ace2-in-me-cfs","status":"publish","type":"post","link":"https:\/\/wames.org.uk\/cms-english\/research-the-sars-cov-2-receptor-ace2-in-me-cfs\/","title":{"rendered":"Research: The SARS-CoV-2 receptor ACE2 in ME\/CFS"},"content":{"rendered":"<h3><a href=\"https:\/\/pubmed.ncbi.nlm.nih.gov\/34341773\/\" target=\"_blank\" rel=\"noopener\">The SARS-CoV-2 receptor angiotensin-converting enzyme 2 (ACE2) in\u00a0 Myalgic Encephalomyelitis\/Chronic Fatigue Syndrome: a meta-analysis of public DNA methylation and gene expression data<\/a>, by Jo\u00e3o Malato, Franziska Sotzny, Sandra Bauer, Helma Freitag, Andr\u00e9 Fonseca, Anna D Grabowska, Lu\u00eds Gra\u00e7a, Clara Cordeiro, Lu\u00eds Nacul, Eliana M Lacerda, Jesus Castro-Marrero, Carmen Scheibenbogen, Francisco Westermeier, Nuno Sep\u00falveda <span style=\"text-decoration: underline;\">in<\/span> <em>Heliyon<\/em> 2021 Jul 29;7(8):e07665 [doi: 10.1016\/j.heliyon.2021.e07665]<\/h3>\n<p>&nbsp;<\/p>\n<h3><strong>Research abstract:\u00a0<\/strong><\/h3>\n<div id=\"attachment_32795\" style=\"width: 310px\" class=\"wp-caption alignright\"><img data-recalc-dims=\"1\" decoding=\"async\" aria-describedby=\"caption-attachment-32795\" class=\"size-medium wp-image-32795 lazyload\" data-src=\"https:\/\/i0.wp.com\/wames.org.uk\/cms-english\/wp-content\/uploads\/2021\/09\/Protein_ACE2_PDB_1r42.png?resize=300%2C234&#038;ssl=1\" alt=\"\" width=\"300\" height=\"234\" data-srcset=\"https:\/\/i0.wp.com\/wames.org.uk\/cms-english\/wp-content\/uploads\/2021\/09\/Protein_ACE2_PDB_1r42.png?resize=300%2C234&amp;ssl=1 300w, https:\/\/i0.wp.com\/wames.org.uk\/cms-english\/wp-content\/uploads\/2021\/09\/Protein_ACE2_PDB_1r42.png?resize=150%2C117&amp;ssl=1 150w, https:\/\/i0.wp.com\/wames.org.uk\/cms-english\/wp-content\/uploads\/2021\/09\/Protein_ACE2_PDB_1r42.png?resize=768%2C600&amp;ssl=1 768w, https:\/\/i0.wp.com\/wames.org.uk\/cms-english\/wp-content\/uploads\/2021\/09\/Protein_ACE2_PDB_1r42.png?w=911&amp;ssl=1 911w\" data-sizes=\"(max-width: 300px) 100vw, 300px\" src=\"data:image\/svg+xml;base64,PHN2ZyB3aWR0aD0iMSIgaGVpZ2h0PSIxIiB4bWxucz0iaHR0cDovL3d3dy53My5vcmcvMjAwMC9zdmciPjwvc3ZnPg==\" style=\"--smush-placeholder-width: 300px; --smush-placeholder-aspect-ratio: 300\/234;\" \/><p id=\"caption-attachment-32795\" class=\"wp-caption-text\">Protein_ACE2_PDB_1r42<\/p><\/div>\n<p>People with myalgic encephalomyelitis\/ chronic fatigue syndrome (ME\/CFS) often report a high frequency of viral infections and flu-like symptoms during their disease course. Since this reporting is in line with different immunological abnormalities and altered gene expression profiles observed in the disease, we aimed to explore whether the expression of the<a href=\"https:\/\/theconversation.com\/what-is-the-ace2-receptor-how-is-it-connected-to-coronavirus-and-why-might-it-be-key-to-treating-covid-19-the-experts-explain-136928\" target=\"_blank\" rel=\"noopener\"> human angiotensin-converting enzyme-2<\/a> (ACE2), the major cell entry receptor for SARS-CoV-2, is also altered in this neglected clinical population. In particular, a low expression of ACE2 is usually indicative of a high risk of developing COVID-19.<\/p>\n<p>We then performed a meta-analysis of public data on CpG <a href=\"https:\/\/en.wikipedia.org\/wiki\/DNA_methylation\" target=\"_blank\" rel=\"noopener\">DNA methylation<\/a> and <a href=\"https:\/\/www.yourgenome.org\/facts\/what-is-gene-expression\" target=\"_blank\" rel=\"noopener\">gene expression<\/a> of this enzyme and its homologous ACE protein in peripheral blood mononuclear cells and related subsets. We found that patients with ME\/CFS have decreased methylation levels of four CpG probes in the ACE locus (cg09920557, cg19802564, cg21094739, and cg10468385) and of another probe in the promoter region of the\u00a0ACE2 gene (cg08559914). We also found a decreased expression of ACE2 but not of ACE in patients with ME\/CFS when compared to healthy controls.<\/p>\n<p>Accordingly, in newly collected data, we found evidence for a higher proportion of samples with an ACE2 expression below the limit of detection in patients with ME\/CFS than in healthy controls.<\/p>\n<p>Altogether,<strong> patients with ME\/CFS could be at a higher COVID-19 risk when infected by SARS-CoV-2<\/strong>. To further support this conclusion, similar research should be conducted for other human cell entry receptors and other cell types, namely, those mainly targeted by the virus.<\/p>\n<h3><strong>Comment:<\/strong><\/h3>\n<p><strong>ME Association<\/strong>: <a href=\"https:\/\/meassociation.org.uk\/2021\/09\/research-summary-are-people-with-me-cfs-at-higher-risk-of-complications-from-covid-infection\/\" target=\"_blank\" rel=\"noopener\">Research Summary \u2013 Are people with ME\/CFS at higher risk of complications from COVID infection?<\/a><\/p>\n","protected":false},"excerpt":{"rendered":"<p>The SARS-CoV-2 receptor angiotensin-converting enzyme 2 (ACE2) in\u00a0 Myalgic Encephalomyelitis\/Chronic Fatigue Syndrome: a meta-analysis of public DNA methylation and gene expression data, by Jo\u00e3o Malato, Franziska Sotzny, Sandra Bauer, Helma Freitag, Andr\u00e9 Fonseca, Anna D Grabowska, Lu\u00eds Gra\u00e7a, Clara Cordeiro, &hellip; <a href=\"https:\/\/wames.org.uk\/cms-english\/research-the-sars-cov-2-receptor-ace2-in-me-cfs\/\">Continue reading <span class=\"meta-nav\">&rarr;<\/span><\/a><\/p>\n","protected":false},"author":2,"featured_media":0,"comment_status":"open","ping_status":"open","sticky":false,"template":"","format":"standard","meta":{"jetpack_post_was_ever_published":false,"_jetpack_newsletter_access":"","_jetpack_dont_email_post_to_subs":false,"_jetpack_newsletter_tier_id":0,"_jetpack_memberships_contains_paywalled_content":false,"_jetpack_memberships_contains_paid_content":false,"footnotes":"","jetpack_publicize_message":"","jetpack_publicize_feature_enabled":true,"jetpack_social_post_already_shared":true,"jetpack_social_options":{"image_generator_settings":{"template":"highway","default_image_id":0,"font":"","enabled":false},"version":2}},"categories":[1],"tags":[6999,7001,5920,4267,7003,5684,2007,3425,3529,6915,4577,18,6120,4284,7000,7002,4986,4575,6007],"class_list":["post-32268","post","type-post","status-publish","format-standard","hentry","category-news","tag-ace2","tag-andre-fonseca","tag-anna-d-grabowska","tag-carmen-scheibenbogen","tag-clara-cordeiro","tag-covid-19","tag-dna-methylation","tag-dr-luis-nacul","tag-eliana-m-lacerda","tag-francisco-westermeier","tag-franziska-sotzny","tag-gene-expression","tag-helma-freitag","tag-jesus-castro-marrero","tag-joao-malato","tag-luis-graca","tag-nuno-sepulveda","tag-sandra-bauer","tag-sars-cov-2"],"jetpack_publicize_connections":[],"jetpack_featured_media_url":"","jetpack_sharing_enabled":true,"jetpack_shortlink":"https:\/\/wp.me\/p5qkYK-8os","_links":{"self":[{"href":"https:\/\/wames.org.uk\/cms-english\/wp-json\/wp\/v2\/posts\/32268","targetHints":{"allow":["GET"]}}],"collection":[{"href":"https:\/\/wames.org.uk\/cms-english\/wp-json\/wp\/v2\/posts"}],"about":[{"href":"https:\/\/wames.org.uk\/cms-english\/wp-json\/wp\/v2\/types\/post"}],"author":[{"embeddable":true,"href":"https:\/\/wames.org.uk\/cms-english\/wp-json\/wp\/v2\/users\/2"}],"replies":[{"embeddable":true,"href":"https:\/\/wames.org.uk\/cms-english\/wp-json\/wp\/v2\/comments?post=32268"}],"version-history":[{"count":5,"href":"https:\/\/wames.org.uk\/cms-english\/wp-json\/wp\/v2\/posts\/32268\/revisions"}],"predecessor-version":[{"id":32862,"href":"https:\/\/wames.org.uk\/cms-english\/wp-json\/wp\/v2\/posts\/32268\/revisions\/32862"}],"wp:attachment":[{"href":"https:\/\/wames.org.uk\/cms-english\/wp-json\/wp\/v2\/media?parent=32268"}],"wp:term":[{"taxonomy":"category","embeddable":true,"href":"https:\/\/wames.org.uk\/cms-english\/wp-json\/wp\/v2\/categories?post=32268"},{"taxonomy":"post_tag","embeddable":true,"href":"https:\/\/wames.org.uk\/cms-english\/wp-json\/wp\/v2\/tags?post=32268"}],"curies":[{"name":"wp","href":"https:\/\/api.w.org\/{rel}","templated":true}]}}